{"id":406,"date":"2019-07-21T17:56:27","date_gmt":"2019-07-21T15:56:27","guid":{"rendered":"http:\/\/sportinschwerin.de\/?p=406"},"modified":"2021-01-26T11:04:41","modified_gmt":"2021-01-26T10:04:41","slug":"fussball-vielfaltstag-am-strand-von-warnemuende","status":"publish","type":"post","link":"https:\/\/sportinschwerin.de\/?p=406","title":{"rendered":"Fu\u00dfball \/ Vielfaltstag am Strand von Warnem\u00fcnde"},"content":{"rendered":"<p>Unter den Mottos &#8222;Toleranz ist kein T\u00fcddelkram&#8220; und &#8222;Unser Fu\u00dfball ist bunt und tolerant&#8220; des Landesfu\u00dfballverbandes fand heute am AOK-Active-Beach der AOK-Fu\u00dfballtag f\u00fcr Vielfalt und Toleranz statt. Als Schirmherr der Veranstaltung war unter anderem Hansa-Legende und AOK-Vertreter Juri Schl\u00fcnz vor Ort. <!--more-->Am Ostsee-Strand von Warnem\u00fcnde waren acht Integrationsteams im Einsatz, wobei der Schweriner SC Breitensport mit zwei Inter-Teams vertreten war. Marcus Gaedke, als sportlicher Leiter der Mannschaften, und seine Jungs freuten sich am Ende des Tages \u00fcber einen 2. und einen 4. Platz.<\/p>\n","protected":false},"excerpt":{"rendered":"<p>Unter den Mottos &#8222;Toleranz ist kein T\u00fcddelkram&#8220; und &#8222;Unser Fu\u00dfball ist bunt und tolerant&#8220; des&#8230;<\/p>\n","protected":false},"author":1,"featured_media":407,"comment_status":"closed","ping_status":"open","sticky":false,"template":"","format":"standard","meta":{"footnotes":""},"categories":[1,12],"tags":[],"class_list":["post-406","post","type-post","status-publish","format-standard","has-post-thumbnail","hentry","category-allgemein","category-sport"],"_links":{"self":[{"href":"https:\/\/sportinschwerin.de\/index.php?rest_route=\/wp\/v2\/posts\/406","targetHints":{"allow":["GET"]}}],"collection":[{"href":"https:\/\/sportinschwerin.de\/index.php?rest_route=\/wp\/v2\/posts"}],"about":[{"href":"https:\/\/sportinschwerin.de\/index.php?rest_route=\/wp\/v2\/types\/post"}],"author":[{"embeddable":true,"href":"https:\/\/sportinschwerin.de\/index.php?rest_route=\/wp\/v2\/users\/1"}],"replies":[{"embeddable":true,"href":"https:\/\/sportinschwerin.de\/index.php?rest_route=%2Fwp%2Fv2%2Fcomments&post=406"}],"version-history":[{"count":1,"href":"https:\/\/sportinschwerin.de\/index.php?rest_route=\/wp\/v2\/posts\/406\/revisions"}],"predecessor-version":[{"id":408,"href":"https:\/\/sportinschwerin.de\/index.php?rest_route=\/wp\/v2\/posts\/406\/revisions\/408"}],"wp:featuredmedia":[{"embeddable":true,"href":"https:\/\/sportinschwerin.de\/index.php?rest_route=\/wp\/v2\/media\/407"}],"wp:attachment":[{"href":"https:\/\/sportinschwerin.de\/index.php?rest_route=%2Fwp%2Fv2%2Fmedia&parent=406"}],"wp:term":[{"taxonomy":"category","embeddable":true,"href":"https:\/\/sportinschwerin.de\/index.php?rest_route=%2Fwp%2Fv2%2Fcategories&post=406"},{"taxonomy":"post_tag","embeddable":true,"href":"https:\/\/sportinschwerin.de\/index.php?rest_route=%2Fwp%2Fv2%2Ftags&post=406"}],"curies":[{"name":"wp","href":"https:\/\/api.w.org\/{rel}","templated":true}]}}