{"id":414,"date":"2019-09-23T19:36:46","date_gmt":"2019-09-23T17:36:46","guid":{"rendered":"http:\/\/sportinschwerin.de\/?p=414"},"modified":"2021-01-26T11:04:18","modified_gmt":"2021-01-26T10:04:18","slug":"projekt-sportkoordinator-ausgezeichnet","status":"publish","type":"post","link":"https:\/\/sportinschwerin.de\/?p=414","title":{"rendered":"Projekt \u201cSportkoordinator\u201d ausgezeichnet"},"content":{"rendered":"<p>Viele Sportvereine und -verb\u00e4nde in Mecklenburg-Vorpommern engagieren sich f\u00fcr eine vielf\u00e4ltige Gesellschaft. Anl\u00e4sslich des 30. Jubil\u00e4ums des Bundesprogramms \u201cIntegration durch Sport\u201d lud der Landessportbund Mecklenburg- Vorpommern e. V. im Rahmen der Interkulturellen Wochen am 21. September zum Fachforum nach Rostock. <!--more-->Landesintegrationsbeauftragte Dagmar Kaselitz hielt einen Vortrag \u00fcber die Handlungsfelder der Integrationsarbeit in MV und hob die hohe Bedeutung der Sportvereine f\u00fcr die Integration hervor. In diesem Zusammenhang zeichnete der Landessportbund MV den Schweriner SC Breitensport, vertreten durch Vorstandsmitglied Gabriele Breuing, f\u00fcr sein integratives Engagements im Sport aus.<\/p>\n<p>Quelle: Sozialministerium MV<\/p>\n","protected":false},"excerpt":{"rendered":"<p>Viele Sportvereine und -verb\u00e4nde in Mecklenburg-Vorpommern engagieren sich f\u00fcr eine vielf\u00e4ltige Gesellschaft. Anl\u00e4sslich des 30&#8230;.<\/p>\n","protected":false},"author":1,"featured_media":415,"comment_status":"closed","ping_status":"open","sticky":false,"template":"","format":"standard","meta":{"footnotes":""},"categories":[1,11],"tags":[],"class_list":["post-414","post","type-post","status-publish","format-standard","has-post-thumbnail","hentry","category-allgemein","category-beitraege"],"_links":{"self":[{"href":"https:\/\/sportinschwerin.de\/index.php?rest_route=\/wp\/v2\/posts\/414","targetHints":{"allow":["GET"]}}],"collection":[{"href":"https:\/\/sportinschwerin.de\/index.php?rest_route=\/wp\/v2\/posts"}],"about":[{"href":"https:\/\/sportinschwerin.de\/index.php?rest_route=\/wp\/v2\/types\/post"}],"author":[{"embeddable":true,"href":"https:\/\/sportinschwerin.de\/index.php?rest_route=\/wp\/v2\/users\/1"}],"replies":[{"embeddable":true,"href":"https:\/\/sportinschwerin.de\/index.php?rest_route=%2Fwp%2Fv2%2Fcomments&post=414"}],"version-history":[{"count":1,"href":"https:\/\/sportinschwerin.de\/index.php?rest_route=\/wp\/v2\/posts\/414\/revisions"}],"predecessor-version":[{"id":416,"href":"https:\/\/sportinschwerin.de\/index.php?rest_route=\/wp\/v2\/posts\/414\/revisions\/416"}],"wp:featuredmedia":[{"embeddable":true,"href":"https:\/\/sportinschwerin.de\/index.php?rest_route=\/wp\/v2\/media\/415"}],"wp:attachment":[{"href":"https:\/\/sportinschwerin.de\/index.php?rest_route=%2Fwp%2Fv2%2Fmedia&parent=414"}],"wp:term":[{"taxonomy":"category","embeddable":true,"href":"https:\/\/sportinschwerin.de\/index.php?rest_route=%2Fwp%2Fv2%2Fcategories&post=414"},{"taxonomy":"post_tag","embeddable":true,"href":"https:\/\/sportinschwerin.de\/index.php?rest_route=%2Fwp%2Fv2%2Ftags&post=414"}],"curies":[{"name":"wp","href":"https:\/\/api.w.org\/{rel}","templated":true}]}}