{"id":473,"date":"2021-01-01T17:18:33","date_gmt":"2021-01-01T16:18:33","guid":{"rendered":"http:\/\/sportinschwerin.de\/?p=473"},"modified":"2021-01-26T11:02:40","modified_gmt":"2021-01-26T10:02:40","slug":"kinderfest-im-ost-63-hegelstrasse","status":"publish","type":"post","link":"https:\/\/sportinschwerin.de\/?p=473","title":{"rendered":"Kinderfest im Ost 63 Hegelstra\u00dfe"},"content":{"rendered":"<p>Der Jugend- und Freizeittreff Ost 63 feiert den 1. Geburtstag.<\/p>\n<p>Aus diesem Anlass gab es am 16.10.2020 ein Kinderfest mit mehrerer sportlichen Stationen wie z.B. Torwandwerfen, Jonglieren, Gorodki oder Torwandschie\u00dfen.<img loading=\"lazy\" decoding=\"async\" class=\"size-medium wp-image-474 alignleft\" src=\"https:\/\/sportinschwerin.de\/wp-content\/uploads\/2021\/01\/DSC05418-300x225.jpg\" alt=\"\" width=\"300\" height=\"225\" srcset=\"https:\/\/sportinschwerin.de\/wp-content\/uploads\/2021\/01\/DSC05418-300x225.jpg 300w, https:\/\/sportinschwerin.de\/wp-content\/uploads\/2021\/01\/DSC05418-768x576.jpg 768w, https:\/\/sportinschwerin.de\/wp-content\/uploads\/2021\/01\/DSC05418-1024x768.jpg 1024w\" sizes=\"auto, (max-width: 300px) 100vw, 300px\" \/><\/p>\n<p>Im Torwandschie\u00dfen wurde der beste Sch\u00fctze ermittelt und unter den besten 5 war auch ein M\u00e4dchen vertreten.<\/p>\n<p>Nach absolvieren aller Stationen konnte jeder seine eigene Pizza backen.<\/p>\n<p>Die Knapp 100 Jungen und M\u00e4dchen aus dem Muesser Holz und Neu Zippendorf haben einen tollen Nachmittag erleben k\u00f6nnen.<\/p>\n","protected":false},"excerpt":{"rendered":"<p>Der Jugend- und Freizeittreff Ost 63 feiert den 1. Geburtstag. Aus diesem Anlass gab es&#8230;<\/p>\n","protected":false},"author":1,"featured_media":475,"comment_status":"closed","ping_status":"open","sticky":false,"template":"","format":"standard","meta":{"footnotes":""},"categories":[13,1],"tags":[],"class_list":["post-473","post","type-post","status-publish","format-standard","has-post-thumbnail","hentry","category-aktivitaeten","category-allgemein"],"_links":{"self":[{"href":"https:\/\/sportinschwerin.de\/index.php?rest_route=\/wp\/v2\/posts\/473","targetHints":{"allow":["GET"]}}],"collection":[{"href":"https:\/\/sportinschwerin.de\/index.php?rest_route=\/wp\/v2\/posts"}],"about":[{"href":"https:\/\/sportinschwerin.de\/index.php?rest_route=\/wp\/v2\/types\/post"}],"author":[{"embeddable":true,"href":"https:\/\/sportinschwerin.de\/index.php?rest_route=\/wp\/v2\/users\/1"}],"replies":[{"embeddable":true,"href":"https:\/\/sportinschwerin.de\/index.php?rest_route=%2Fwp%2Fv2%2Fcomments&post=473"}],"version-history":[{"count":1,"href":"https:\/\/sportinschwerin.de\/index.php?rest_route=\/wp\/v2\/posts\/473\/revisions"}],"predecessor-version":[{"id":476,"href":"https:\/\/sportinschwerin.de\/index.php?rest_route=\/wp\/v2\/posts\/473\/revisions\/476"}],"wp:featuredmedia":[{"embeddable":true,"href":"https:\/\/sportinschwerin.de\/index.php?rest_route=\/wp\/v2\/media\/475"}],"wp:attachment":[{"href":"https:\/\/sportinschwerin.de\/index.php?rest_route=%2Fwp%2Fv2%2Fmedia&parent=473"}],"wp:term":[{"taxonomy":"category","embeddable":true,"href":"https:\/\/sportinschwerin.de\/index.php?rest_route=%2Fwp%2Fv2%2Fcategories&post=473"},{"taxonomy":"post_tag","embeddable":true,"href":"https:\/\/sportinschwerin.de\/index.php?rest_route=%2Fwp%2Fv2%2Ftags&post=473"}],"curies":[{"name":"wp","href":"https:\/\/api.w.org\/{rel}","templated":true}]}}