{"id":767,"date":"2023-06-04T18:37:26","date_gmt":"2023-06-04T16:37:26","guid":{"rendered":"https:\/\/sportinschwerin.de\/?p=767"},"modified":"2023-06-04T18:37:26","modified_gmt":"2023-06-04T16:37:26","slug":"kinder-und-jugendfestival","status":"publish","type":"post","link":"https:\/\/sportinschwerin.de\/?p=767","title":{"rendered":"Kinder- und Jugendfestival"},"content":{"rendered":"\n<p>Bald ist es soweit, zum ersten Mal findet das Kinder- und Jugendfestival &#8222;Schwiese&#8220; statt. Am 17. Juni 2023, von 13:00 \u2013 22:00 Uhr, erwartet euch auf der Schwimmenden Wiesen im Schlossgarten Schwerin, ein spannender Tag mit vielen kreativen Angeboten, sportlichen Wettbewerben und Shows.<\/p>\n\n\n\n<p>Der FC Mecklenburg Schwerin unterst\u00fctzt das Festival als Kooperationspartner und stellt einen Soccercourt. F\u00fcr Spiel und Spa\u00df in Sachen Fu\u00dfball ist also auch gesorgt. Es lohnt sich auf jeden Fall dabei zu sein und einen sch\u00f6nen Tag gemeinsam mit euren Familien und Freunden zu erleben.<\/p>\n\n\n\n<p>Freut euch auf einen abwechslungsreichen Tag. Wir sehen uns am 17. Juni auf der Schwimmenden Wiese!<\/p>\n","protected":false},"excerpt":{"rendered":"<p>Bald ist es soweit, zum ersten Mal findet das Kinder- und Jugendfestival &#8222;Schwiese&#8220; statt. Am&#8230;<\/p>\n","protected":false},"author":1,"featured_media":768,"comment_status":"closed","ping_status":"open","sticky":false,"template":"","format":"standard","meta":{"footnotes":""},"categories":[13],"tags":[],"class_list":["post-767","post","type-post","status-publish","format-standard","has-post-thumbnail","hentry","category-aktivitaeten"],"_links":{"self":[{"href":"https:\/\/sportinschwerin.de\/index.php?rest_route=\/wp\/v2\/posts\/767","targetHints":{"allow":["GET"]}}],"collection":[{"href":"https:\/\/sportinschwerin.de\/index.php?rest_route=\/wp\/v2\/posts"}],"about":[{"href":"https:\/\/sportinschwerin.de\/index.php?rest_route=\/wp\/v2\/types\/post"}],"author":[{"embeddable":true,"href":"https:\/\/sportinschwerin.de\/index.php?rest_route=\/wp\/v2\/users\/1"}],"replies":[{"embeddable":true,"href":"https:\/\/sportinschwerin.de\/index.php?rest_route=%2Fwp%2Fv2%2Fcomments&post=767"}],"version-history":[{"count":1,"href":"https:\/\/sportinschwerin.de\/index.php?rest_route=\/wp\/v2\/posts\/767\/revisions"}],"predecessor-version":[{"id":769,"href":"https:\/\/sportinschwerin.de\/index.php?rest_route=\/wp\/v2\/posts\/767\/revisions\/769"}],"wp:featuredmedia":[{"embeddable":true,"href":"https:\/\/sportinschwerin.de\/index.php?rest_route=\/wp\/v2\/media\/768"}],"wp:attachment":[{"href":"https:\/\/sportinschwerin.de\/index.php?rest_route=%2Fwp%2Fv2%2Fmedia&parent=767"}],"wp:term":[{"taxonomy":"category","embeddable":true,"href":"https:\/\/sportinschwerin.de\/index.php?rest_route=%2Fwp%2Fv2%2Fcategories&post=767"},{"taxonomy":"post_tag","embeddable":true,"href":"https:\/\/sportinschwerin.de\/index.php?rest_route=%2Fwp%2Fv2%2Ftags&post=767"}],"curies":[{"name":"wp","href":"https:\/\/api.w.org\/{rel}","templated":true}]}}