{"id":869,"date":"2024-12-04T10:03:09","date_gmt":"2024-12-04T09:03:09","guid":{"rendered":"https:\/\/sportinschwerin.de\/?p=869"},"modified":"2024-12-31T10:04:45","modified_gmt":"2024-12-31T09:04:45","slug":"sichtungstermin-des-fcm","status":"publish","type":"post","link":"https:\/\/sportinschwerin.de\/?p=869","title":{"rendered":"Sichtungstermin des FCM"},"content":{"rendered":"\n<p><\/p>\n\n\n\n<p>Mit Stolz und Begeisterung blickt der FC Mecklenburg auf seinen 1. Sichtungstermin am 01.12.2024 zur\u00fcck. 28 hoch motivierte Talente aus Schwerin und dem Umland folgten dem Aufruf. Neben T-Test, Sprint, Gewandtheit&#8230;standen auch Passen und Jonglieren auf dem Programm. Nat\u00fcrlich wurde auch viel Fu\u00dfball gespielt.<\/p>\n\n\n\n<p>Der FC Mecklenburg Schwerin bedankt sich schon jetzt bei allen Teilnehmern. Ihr wart super!<\/p>\n\n\n\n<p><a><\/a>Parallel fand eine Informationsveranstaltung f\u00fcr Eltern und Interessierte statt. Transparent und offen wurde unser Konzept vorgestellt.<\/p>\n\n\n\n<p>Einen Dank m\u00f6chten wir auch an alle unsere Unterst\u00fctzer aussprechen. Egal ob externe oder auch Trainer des FCM &#8211; danke f\u00fcr Eure Expertise und Zeit!<\/p>\n\n\n\n<p>Anmerkung: Der FC Mecklenburg Schwerin startet ab dem n\u00e4chsten Schuljahr mit einer eigenen Fu\u00dfballgruppe auf der Sportschule Schwerin. Gestartet wird mit einer 5. Klasse.<\/p>\n\n\n\n<figure class=\"wp-block-image size-large\"><img loading=\"lazy\" decoding=\"async\" width=\"1024\" height=\"576\" src=\"https:\/\/sportinschwerin.de\/wp-content\/uploads\/2024\/12\/468402098_1124926386308159_296608139879539177_n-1024x576.jpg\" alt=\"\" class=\"wp-image-871\" srcset=\"https:\/\/sportinschwerin.de\/wp-content\/uploads\/2024\/12\/468402098_1124926386308159_296608139879539177_n-1024x576.jpg 1024w, https:\/\/sportinschwerin.de\/wp-content\/uploads\/2024\/12\/468402098_1124926386308159_296608139879539177_n-300x169.jpg 300w, https:\/\/sportinschwerin.de\/wp-content\/uploads\/2024\/12\/468402098_1124926386308159_296608139879539177_n-768x432.jpg 768w, https:\/\/sportinschwerin.de\/wp-content\/uploads\/2024\/12\/468402098_1124926386308159_296608139879539177_n-1536x864.jpg 1536w, https:\/\/sportinschwerin.de\/wp-content\/uploads\/2024\/12\/468402098_1124926386308159_296608139879539177_n.jpg 1599w\" sizes=\"auto, (max-width: 1024px) 100vw, 1024px\" \/><\/figure>\n","protected":false},"excerpt":{"rendered":"<p>Mit Stolz und Begeisterung blickt der FC Mecklenburg auf seinen 1. Sichtungstermin am 01.12.2024 zur\u00fcck&#8230;.<\/p>\n","protected":false},"author":1,"featured_media":870,"comment_status":"closed","ping_status":"closed","sticky":false,"template":"","format":"standard","meta":{"footnotes":""},"categories":[13],"tags":[],"class_list":["post-869","post","type-post","status-publish","format-standard","has-post-thumbnail","hentry","category-aktivitaeten"],"_links":{"self":[{"href":"https:\/\/sportinschwerin.de\/index.php?rest_route=\/wp\/v2\/posts\/869","targetHints":{"allow":["GET"]}}],"collection":[{"href":"https:\/\/sportinschwerin.de\/index.php?rest_route=\/wp\/v2\/posts"}],"about":[{"href":"https:\/\/sportinschwerin.de\/index.php?rest_route=\/wp\/v2\/types\/post"}],"author":[{"embeddable":true,"href":"https:\/\/sportinschwerin.de\/index.php?rest_route=\/wp\/v2\/users\/1"}],"replies":[{"embeddable":true,"href":"https:\/\/sportinschwerin.de\/index.php?rest_route=%2Fwp%2Fv2%2Fcomments&post=869"}],"version-history":[{"count":1,"href":"https:\/\/sportinschwerin.de\/index.php?rest_route=\/wp\/v2\/posts\/869\/revisions"}],"predecessor-version":[{"id":872,"href":"https:\/\/sportinschwerin.de\/index.php?rest_route=\/wp\/v2\/posts\/869\/revisions\/872"}],"wp:featuredmedia":[{"embeddable":true,"href":"https:\/\/sportinschwerin.de\/index.php?rest_route=\/wp\/v2\/media\/870"}],"wp:attachment":[{"href":"https:\/\/sportinschwerin.de\/index.php?rest_route=%2Fwp%2Fv2%2Fmedia&parent=869"}],"wp:term":[{"taxonomy":"category","embeddable":true,"href":"https:\/\/sportinschwerin.de\/index.php?rest_route=%2Fwp%2Fv2%2Fcategories&post=869"},{"taxonomy":"post_tag","embeddable":true,"href":"https:\/\/sportinschwerin.de\/index.php?rest_route=%2Fwp%2Fv2%2Ftags&post=869"}],"curies":[{"name":"wp","href":"https:\/\/api.w.org\/{rel}","templated":true}]}}