{"id":879,"date":"2025-04-26T19:03:39","date_gmt":"2025-04-26T17:03:39","guid":{"rendered":"https:\/\/sportinschwerin.de\/?p=879"},"modified":"2025-04-26T19:03:40","modified_gmt":"2025-04-26T17:03:40","slug":"oster-kickercamp-geht-in-die-naechste-runde","status":"publish","type":"post","link":"https:\/\/sportinschwerin.de\/?p=879","title":{"rendered":"Oster-Kickercamp geht in die n\u00e4chste Runde"},"content":{"rendered":"\n<p>40 Kicker, motivierte Coaches, jede Menge Challenges rund um den Fu\u00dfball und vor allem Spa\u00df und lachende Gesichter. Das sind zu Zutaten, die den Jungs und M\u00e4dchen auch diese Woche wieder viel Spa\u00df bereiten sollen. Wir freuen uns auch im Ostercamp so viele Anmeldungen zu haben und sind stolz darauf, dass so viele Jungs und M\u00e4dchen auch gerne immer wieder in die Camps kommen.<\/p>\n\n\n\n<p>\u201eF\u00fcr uns ein Zeichen, dass wir nicht so viel verkehrt machen.\u201c sagt Vereinssportlehrer Alexander Kl\u00e4hn. \u201eEs geht uns darum, den Jungs und M\u00e4dchen eine sch\u00f6ne Ferienwoche zu erm\u00f6glichen. In entspannter Atmosph\u00e4re, ohne Druck und mit jeder Menge Spa\u00df.\u201c<\/p>\n\n\n\n<p>Der Soccerparcour, die Torwand, das Fussballtennisnetz und jede Menge Ideen, die teilweise auch von den Kickern selbst kommen, sorgen f\u00fcr Abwechslung und \u201eabends dann auch f\u00fcr die n\u00f6tige Bettschwere\u201c, f\u00fcgt Alexander Kl\u00e4hn l\u00e4chelnd hinzu. Mit Hartmuth Nieklauson, Pepe Lange, FSJ\u00b4ler Julien Emmer und neu im Team Coach-Anw\u00e4rterin Joleen vom FSV02, haben wir auch in diesem Jahr wieder ein tolles Team zusammen, welches sich engagiert um die Jungs und M\u00e4dchen im Alter von 6-12 Jahren k\u00fcmmert.<\/p>\n\n\n\n<p>Danke auch an das Team hinter dem Team, die daf\u00fcr sorgen, dass das Essen p\u00fcnktlich auf dem Tisch steht und morgens die R\u00e4umlichkeiten, Kabinen und die Pl\u00e4tze wieder vorbereitet sind.<\/p>\n\n\n\n<p>Der FCM freut sich auf 4 tolle Tage.<\/p>\n","protected":false},"excerpt":{"rendered":"<p>40 Kicker, motivierte Coaches, jede Menge Challenges rund um den Fu\u00dfball und vor allem Spa\u00df&#8230;<\/p>\n","protected":false},"author":1,"featured_media":880,"comment_status":"closed","ping_status":"closed","sticky":false,"template":"","format":"standard","meta":{"footnotes":""},"categories":[11],"tags":[],"class_list":["post-879","post","type-post","status-publish","format-standard","has-post-thumbnail","hentry","category-beitraege"],"_links":{"self":[{"href":"https:\/\/sportinschwerin.de\/index.php?rest_route=\/wp\/v2\/posts\/879","targetHints":{"allow":["GET"]}}],"collection":[{"href":"https:\/\/sportinschwerin.de\/index.php?rest_route=\/wp\/v2\/posts"}],"about":[{"href":"https:\/\/sportinschwerin.de\/index.php?rest_route=\/wp\/v2\/types\/post"}],"author":[{"embeddable":true,"href":"https:\/\/sportinschwerin.de\/index.php?rest_route=\/wp\/v2\/users\/1"}],"replies":[{"embeddable":true,"href":"https:\/\/sportinschwerin.de\/index.php?rest_route=%2Fwp%2Fv2%2Fcomments&post=879"}],"version-history":[{"count":1,"href":"https:\/\/sportinschwerin.de\/index.php?rest_route=\/wp\/v2\/posts\/879\/revisions"}],"predecessor-version":[{"id":881,"href":"https:\/\/sportinschwerin.de\/index.php?rest_route=\/wp\/v2\/posts\/879\/revisions\/881"}],"wp:featuredmedia":[{"embeddable":true,"href":"https:\/\/sportinschwerin.de\/index.php?rest_route=\/wp\/v2\/media\/880"}],"wp:attachment":[{"href":"https:\/\/sportinschwerin.de\/index.php?rest_route=%2Fwp%2Fv2%2Fmedia&parent=879"}],"wp:term":[{"taxonomy":"category","embeddable":true,"href":"https:\/\/sportinschwerin.de\/index.php?rest_route=%2Fwp%2Fv2%2Fcategories&post=879"},{"taxonomy":"post_tag","embeddable":true,"href":"https:\/\/sportinschwerin.de\/index.php?rest_route=%2Fwp%2Fv2%2Ftags&post=879"}],"curies":[{"name":"wp","href":"https:\/\/api.w.org\/{rel}","templated":true}]}}