{"id":899,"date":"2025-10-20T18:09:20","date_gmt":"2025-10-20T16:09:20","guid":{"rendered":"https:\/\/sportinschwerin.de\/?p=899"},"modified":"2025-10-20T18:09:21","modified_gmt":"2025-10-20T16:09:21","slug":"oeffentlichkeitsarbeit-mit-woche-des-hobbys-an-neumuehler-schule-und-strandfest-in-neu-zippendorf","status":"publish","type":"post","link":"https:\/\/sportinschwerin.de\/?p=899","title":{"rendered":"\u00d6ffentlichkeitsarbeit mit Woche des Hobbys an Neum\u00fchler Schule und Strandfest in Neu Zippendorf"},"content":{"rendered":"\n<p>Am Montag, den 07.07.25 waren wir zur Woche des Hobbys an der Neum\u00fchler Schule eingeladen. Mit ungef\u00e4hr drei\u00dfig Kindern aus dem Hort zeigten wir die ersten Z\u00fcge einer klassischen Er\u00f6ffnung. Die bunten Bretter in gr\u00fcn, gelb, rot und blau kamen besonders bei allen an und am Ende nahmen Maria und ich drei neue Anmeldungen mit. Diese mussten wir erst einmal vertr\u00f6sten, weil die Warteliste f\u00fcr die Anf\u00e4nger momentan aus neun interessierten Schachkindern besteht.<\/p>\n\n\n\n<p>Am Samstag und Sonntag waren wir dann auf dem Strandfest in Neu Zippendorf. In diesem Jahr hatten wir kein Wettergl\u00fcck! Am Samstag st\u00fcrmte es k\u00fchl \u00fcber die Promenade und Sonntag wurde es zwar w\u00e4rmer, aber der Dauerregen wurden von ab und zu f\u00fcnfzehnmin\u00fctiger Regenpause begleitet. Trotzdem danken wir unserem langj\u00e4hrigen Partner, den Stadtwerken Schwerin und freuen uns auf das n\u00e4chste Jahr mit wieder besserem Wetter. Ein Dank an Arvid und Jeremias, die am Samstag vor Ort unterst\u00fctzt haben. Am Sonntag kamen Christoph und Heiko vorbei und einige Schachkinder mit ihren Eltern.<\/p>\n\n\n\n<p>Text und Fotos: Mike Ranouil<\/p>\n","protected":false},"excerpt":{"rendered":"<p>Am Montag, den 07.07.25 waren wir zur Woche des Hobbys an der Neum\u00fchler Schule eingeladen&#8230;.<\/p>\n","protected":false},"author":1,"featured_media":900,"comment_status":"closed","ping_status":"closed","sticky":false,"template":"","format":"standard","meta":{"footnotes":""},"categories":[13],"tags":[],"class_list":["post-899","post","type-post","status-publish","format-standard","has-post-thumbnail","hentry","category-aktivitaeten"],"_links":{"self":[{"href":"https:\/\/sportinschwerin.de\/index.php?rest_route=\/wp\/v2\/posts\/899","targetHints":{"allow":["GET"]}}],"collection":[{"href":"https:\/\/sportinschwerin.de\/index.php?rest_route=\/wp\/v2\/posts"}],"about":[{"href":"https:\/\/sportinschwerin.de\/index.php?rest_route=\/wp\/v2\/types\/post"}],"author":[{"embeddable":true,"href":"https:\/\/sportinschwerin.de\/index.php?rest_route=\/wp\/v2\/users\/1"}],"replies":[{"embeddable":true,"href":"https:\/\/sportinschwerin.de\/index.php?rest_route=%2Fwp%2Fv2%2Fcomments&post=899"}],"version-history":[{"count":1,"href":"https:\/\/sportinschwerin.de\/index.php?rest_route=\/wp\/v2\/posts\/899\/revisions"}],"predecessor-version":[{"id":901,"href":"https:\/\/sportinschwerin.de\/index.php?rest_route=\/wp\/v2\/posts\/899\/revisions\/901"}],"wp:featuredmedia":[{"embeddable":true,"href":"https:\/\/sportinschwerin.de\/index.php?rest_route=\/wp\/v2\/media\/900"}],"wp:attachment":[{"href":"https:\/\/sportinschwerin.de\/index.php?rest_route=%2Fwp%2Fv2%2Fmedia&parent=899"}],"wp:term":[{"taxonomy":"category","embeddable":true,"href":"https:\/\/sportinschwerin.de\/index.php?rest_route=%2Fwp%2Fv2%2Fcategories&post=899"},{"taxonomy":"post_tag","embeddable":true,"href":"https:\/\/sportinschwerin.de\/index.php?rest_route=%2Fwp%2Fv2%2Ftags&post=899"}],"curies":[{"name":"wp","href":"https:\/\/api.w.org\/{rel}","templated":true}]}}